{"id":363,"date":"2015-02-10T09:40:07","date_gmt":"2015-02-10T09:40:07","guid":{"rendered":"http:\/\/www.vsbw.de\/~axhim\/muse\/?p=363"},"modified":"2015-02-10T09:40:07","modified_gmt":"2015-02-10T09:40:07","slug":"michael-hange-prasident-des-bundesamts-fur-sicherheit-in-der-informationstechnik-bsi-zu-besuch-im-peutinger-collegium-gruswort-durch-prof-hof","status":"publish","type":"post","link":"https:\/\/muse.bayern\/?p=363","title":{"rendered":"Michael Hange, Pr\u00e4sident des Bundesamts f\u00fcr Sicherheit in der Informationstechnik (BSI) zu Besuch im Peutinger Collegium, Gru\u00dfwort durch Prof. Hof"},"content":{"rendered":"<p>Michael Hange, Pr\u00e4sident des Bundesamts f\u00fcr Sicherheit in der Informationstechnik, ist am Donnerstag, 12. Februar 2015, um 18.30 Uhr\u00a0 zu Besuch beim <a href=\"https:\/\/www.peutinger-collegium.de\" target=\"_blank\">Peutinger Collegium<\/a> und spricht zum Thema <a href=\"https:\/\/www.peutinger-collegium.de\/festvortrag--hange.html\" target=\"_blank\">\u201eLage und Herausforderungen der Cybersicherheit in Deutschland\u201c<\/a>. Prof. Hans-Joachim Hof hat die Ehre, diesen hochkar\u00e4tigen Gast begr\u00fc\u00dfen zu d\u00fcrfen und eine kurze Einleitung zum Thema zu geben. Details zur Veranstaltung <a href=\"https:\/\/www.peutinger-collegium.de\/festvortrag--hange.html\" target=\"_blank\">hier<\/a>.<\/p>\n","protected":false},"excerpt":{"rendered":"<p>Michael Hange, Pr\u00e4sident des Bundesamts f\u00fcr Sicherheit in der Informationstechnik, ist am Donnerstag, 12. Februar 2015, um 18.30 Uhr\u00a0 zu Besuch beim Peutinger Collegium und spricht zum Thema \u201eLage und Herausforderungen der Cybersicherheit in Deutschland\u201c. Prof. Hans-Joachim Hof hat die Ehre, diesen hochkar\u00e4tigen Gast begr\u00fc\u00dfen zu d\u00fcrfen und eine kurze Einleitung zum Thema zu geben. [&hellip;]<\/p>\n","protected":false},"author":1,"featured_media":0,"comment_status":"open","ping_status":"open","sticky":false,"template":"","format":"standard","meta":{"_mi_skip_tracking":false,"_exactmetrics_sitenote_active":false,"_exactmetrics_sitenote_note":"","_exactmetrics_sitenote_category":0,"footnotes":""},"categories":[1],"tags":[],"amp_enabled":true,"_links":{"self":[{"href":"https:\/\/muse.bayern\/index.php?rest_route=\/wp\/v2\/posts\/363"}],"collection":[{"href":"https:\/\/muse.bayern\/index.php?rest_route=\/wp\/v2\/posts"}],"about":[{"href":"https:\/\/muse.bayern\/index.php?rest_route=\/wp\/v2\/types\/post"}],"author":[{"embeddable":true,"href":"https:\/\/muse.bayern\/index.php?rest_route=\/wp\/v2\/users\/1"}],"replies":[{"embeddable":true,"href":"https:\/\/muse.bayern\/index.php?rest_route=%2Fwp%2Fv2%2Fcomments&post=363"}],"version-history":[{"count":1,"href":"https:\/\/muse.bayern\/index.php?rest_route=\/wp\/v2\/posts\/363\/revisions"}],"predecessor-version":[{"id":364,"href":"https:\/\/muse.bayern\/index.php?rest_route=\/wp\/v2\/posts\/363\/revisions\/364"}],"wp:attachment":[{"href":"https:\/\/muse.bayern\/index.php?rest_route=%2Fwp%2Fv2%2Fmedia&parent=363"}],"wp:term":[{"taxonomy":"category","embeddable":true,"href":"https:\/\/muse.bayern\/index.php?rest_route=%2Fwp%2Fv2%2Fcategories&post=363"},{"taxonomy":"post_tag","embeddable":true,"href":"https:\/\/muse.bayern\/index.php?rest_route=%2Fwp%2Fv2%2Ftags&post=363"}],"curies":[{"name":"wp","href":"https:\/\/api.w.org\/{rel}","templated":true}]}}